{"id":5544,"date":"2023-06-02T17:10:10","date_gmt":"2023-06-02T17:10:10","guid":{"rendered":"https:\/\/exproasesorias.com\/?p=5544"},"modified":"2024-01-09T19:01:47","modified_gmt":"2024-01-09T19:01:47","slug":"dia-mundial-de-la-seguridad-y-la-salud-en-el-trabajo","status":"publish","type":"post","link":"https:\/\/exproasesorias.com\/colombia\/2023\/06\/02\/dia-mundial-de-la-seguridad-y-la-salud-en-el-trabajo\/","title":{"rendered":"D\u00eda Mundial de la Seguridad y la Salud en el Trabajo."},"content":{"rendered":"<p class=\"fr-tag\">La&nbsp;<strong>Organizaci\u00f3n Internacional del Trabajo (OIT)<\/strong>, celebra el, con el objetivo de promover la prevenci\u00f3n de accidentes de trabajo y enfermedades profesionales en todo el mundo.<\/p>\n<p class=\"fr-tag\">Como <strong>ExproAsesorias<\/strong> no nos queremos quedar fuera de este gran evento mundial, ya que uno de nuestros principales desaf\u00edos es &nbsp;prevenir enfermedades profesionales y por, sobre todo, los accidentes graves y fatales.<\/p>\n<p class=\"fr-tag\"><img fetchpriority=\"high\" decoding=\"async\" class=\"alignnone wp-image-5545 size-full\" src=\"https:\/\/exproasesorias.com\/colombia\/wp-content\/uploads\/2023\/06\/c62f31184f9876a9a26827be6c75c7f1eb79e3b8.png\" alt=\"\" width=\"424\" height=\"601\" srcset=\"https:\/\/exproasesorias.com\/colombia\/wp-content\/uploads\/2023\/06\/c62f31184f9876a9a26827be6c75c7f1eb79e3b8.png 424w, https:\/\/exproasesorias.com\/colombia\/wp-content\/uploads\/2023\/06\/c62f31184f9876a9a26827be6c75c7f1eb79e3b8-212x300.png 212w\" sizes=\"(max-width: 424px) 100vw, 424px\" \/><\/p>\n","protected":false},"excerpt":{"rendered":"<p>La&nbsp;Organizaci\u00f3n Internacional del Trabajo (OIT), celebra el, con el objetivo de promover la prevenci\u00f3n de accidentes de trabajo y enfermedades profesionales en todo el mundo. Como ExproAsesorias no nos queremos quedar fuera de este gran evento mundial, ya que uno de nuestros principales desaf\u00edos es &nbsp;prevenir enfermedades profesionales y por, sobre todo, los accidentes graves [&hellip;]<\/p>\n","protected":false},"author":2,"featured_media":5546,"comment_status":"closed","ping_status":"closed","sticky":false,"template":"","format":"standard","meta":{"footnotes":""},"categories":[30,29,40],"tags":[13],"class_list":["post-5544","post","type-post","status-publish","format-standard","has-post-thumbnail","hentry","category-exproasesorias","category-grupoexpro","category-seguridad","tag-tips"],"yoast_head":"<!-- This site is optimized with the Yoast SEO plugin v25.0 - https:\/\/yoast.com\/wordpress\/plugins\/seo\/ -->\n<title>D\u00eda Mundial de la Seguridad y la Salud en el Trabajo. - Exproasesorias<\/title>\n<meta name=\"robots\" content=\"noindex, follow, max-snippet:-1, max-image-preview:large, max-video-preview:-1\" \/>\n<meta property=\"og:locale\" content=\"es_ES\" \/>\n<meta property=\"og:type\" content=\"article\" \/>\n<meta property=\"og:title\" content=\"D\u00eda Mundial de la Seguridad y la Salud en el Trabajo. - Exproasesorias\" \/>\n<meta property=\"og:description\" content=\"La&nbsp;Organizaci\u00f3n Internacional del Trabajo (OIT), celebra el, con el objetivo de promover la prevenci\u00f3n de accidentes de trabajo y enfermedades profesionales en todo el mundo. Como ExproAsesorias no nos queremos quedar fuera de este gran evento mundial, ya que uno de nuestros principales desaf\u00edos es &nbsp;prevenir enfermedades profesionales y por, sobre todo, los accidentes graves [&hellip;]\" \/>\n<meta property=\"og:url\" content=\"https:\/\/exproasesorias.com\/colombia\/2023\/06\/02\/dia-mundial-de-la-seguridad-y-la-salud-en-el-trabajo\/\" \/>\n<meta property=\"og:site_name\" content=\"Exproasesorias\" \/>\n<meta property=\"article:published_time\" content=\"2023-06-02T17:10:10+00:00\" \/>\n<meta property=\"article:modified_time\" content=\"2024-01-09T19:01:47+00:00\" \/>\n<meta property=\"og:image\" content=\"https:\/\/exproasesorias.com\/colombia\/wp-content\/uploads\/2023\/06\/blog23jpg.jpg\" \/>\n\t<meta property=\"og:image:width\" content=\"870\" \/>\n\t<meta property=\"og:image:height\" content=\"520\" \/>\n\t<meta property=\"og:image:type\" content=\"image\/jpeg\" \/>\n<meta name=\"author\" content=\"Exproasesorias\" \/>\n<meta name=\"twitter:card\" content=\"summary_large_image\" \/>\n<meta name=\"twitter:label1\" content=\"Escrito por\" \/>\n\t<meta name=\"twitter:data1\" content=\"Exproasesorias\" \/>\n<script type=\"application\/ld+json\" class=\"yoast-schema-graph\">{\"@context\":\"https:\/\/schema.org\",\"@graph\":[{\"@type\":\"Article\",\"@id\":\"https:\/\/exproasesorias.com\/colombia\/2023\/06\/02\/dia-mundial-de-la-seguridad-y-la-salud-en-el-trabajo\/#article\",\"isPartOf\":{\"@id\":\"https:\/\/exproasesorias.com\/colombia\/2023\/06\/02\/dia-mundial-de-la-seguridad-y-la-salud-en-el-trabajo\/\"},\"author\":{\"name\":\"Exproasesorias\",\"@id\":\"https:\/\/exproasesorias.com\/colombia\/#\/schema\/person\/bca4c966e70ceba33c54870249f1939c\"},\"headline\":\"D\u00eda Mundial de la Seguridad y la Salud en el Trabajo.\",\"datePublished\":\"2023-06-02T17:10:10+00:00\",\"dateModified\":\"2024-01-09T19:01:47+00:00\",\"mainEntityOfPage\":{\"@id\":\"https:\/\/exproasesorias.com\/colombia\/2023\/06\/02\/dia-mundial-de-la-seguridad-y-la-salud-en-el-trabajo\/\"},\"wordCount\":75,\"publisher\":{\"@id\":\"https:\/\/exproasesorias.com\/colombia\/#organization\"},\"image\":{\"@id\":\"https:\/\/exproasesorias.com\/colombia\/2023\/06\/02\/dia-mundial-de-la-seguridad-y-la-salud-en-el-trabajo\/#primaryimage\"},\"thumbnailUrl\":\"https:\/\/exproasesorias.com\/colombia\/wp-content\/uploads\/2023\/06\/blog23jpg.jpg\",\"keywords\":[\"tips\"],\"articleSection\":[\"Exproasesorias\",\"GrupoExpro\",\"Seguridad\"],\"inLanguage\":\"es\"},{\"@type\":\"WebPage\",\"@id\":\"https:\/\/exproasesorias.com\/colombia\/2023\/06\/02\/dia-mundial-de-la-seguridad-y-la-salud-en-el-trabajo\/\",\"url\":\"https:\/\/exproasesorias.com\/colombia\/2023\/06\/02\/dia-mundial-de-la-seguridad-y-la-salud-en-el-trabajo\/\",\"name\":\"D\u00eda Mundial de la Seguridad y la Salud en el Trabajo. - Exproasesorias\",\"isPartOf\":{\"@id\":\"https:\/\/exproasesorias.com\/colombia\/#website\"},\"primaryImageOfPage\":{\"@id\":\"https:\/\/exproasesorias.com\/colombia\/2023\/06\/02\/dia-mundial-de-la-seguridad-y-la-salud-en-el-trabajo\/#primaryimage\"},\"image\":{\"@id\":\"https:\/\/exproasesorias.com\/colombia\/2023\/06\/02\/dia-mundial-de-la-seguridad-y-la-salud-en-el-trabajo\/#primaryimage\"},\"thumbnailUrl\":\"https:\/\/exproasesorias.com\/colombia\/wp-content\/uploads\/2023\/06\/blog23jpg.jpg\",\"datePublished\":\"2023-06-02T17:10:10+00:00\",\"dateModified\":\"2024-01-09T19:01:47+00:00\",\"breadcrumb\":{\"@id\":\"https:\/\/exproasesorias.com\/colombia\/2023\/06\/02\/dia-mundial-de-la-seguridad-y-la-salud-en-el-trabajo\/#breadcrumb\"},\"inLanguage\":\"es\",\"potentialAction\":[{\"@type\":\"ReadAction\",\"target\":[\"https:\/\/exproasesorias.com\/colombia\/2023\/06\/02\/dia-mundial-de-la-seguridad-y-la-salud-en-el-trabajo\/\"]}]},{\"@type\":\"ImageObject\",\"inLanguage\":\"es\",\"@id\":\"https:\/\/exproasesorias.com\/colombia\/2023\/06\/02\/dia-mundial-de-la-seguridad-y-la-salud-en-el-trabajo\/#primaryimage\",\"url\":\"https:\/\/exproasesorias.com\/colombia\/wp-content\/uploads\/2023\/06\/blog23jpg.jpg\",\"contentUrl\":\"https:\/\/exproasesorias.com\/colombia\/wp-content\/uploads\/2023\/06\/blog23jpg.jpg\",\"width\":870,\"height\":520},{\"@type\":\"BreadcrumbList\",\"@id\":\"https:\/\/exproasesorias.com\/colombia\/2023\/06\/02\/dia-mundial-de-la-seguridad-y-la-salud-en-el-trabajo\/#breadcrumb\",\"itemListElement\":[{\"@type\":\"ListItem\",\"position\":1,\"name\":\"Portada\",\"item\":\"https:\/\/exproasesorias.com\/colombia\/\"},{\"@type\":\"ListItem\",\"position\":2,\"name\":\"D\u00eda Mundial de la Seguridad y la Salud en el Trabajo.\"}]},{\"@type\":\"WebSite\",\"@id\":\"https:\/\/exproasesorias.com\/colombia\/#website\",\"url\":\"https:\/\/exproasesorias.com\/colombia\/\",\"name\":\"Expro Asesorias\",\"description\":\"Exproasesorias\",\"publisher\":{\"@id\":\"https:\/\/exproasesorias.com\/colombia\/#organization\"},\"inLanguage\":\"es\"},{\"@type\":\"Organization\",\"@id\":\"https:\/\/exproasesorias.com\/colombia\/#organization\",\"name\":\"Expro Asesorias\",\"url\":\"https:\/\/exproasesorias.com\/colombia\/\",\"logo\":{\"@type\":\"ImageObject\",\"inLanguage\":\"es\",\"@id\":\"https:\/\/exproasesorias.com\/colombia\/#\/schema\/logo\/image\/\",\"url\":\"https:\/\/exproasesorias.com\/colombia\/wp-content\/uploads\/2023\/05\/cargando.png\",\"contentUrl\":\"https:\/\/exproasesorias.com\/colombia\/wp-content\/uploads\/2023\/05\/cargando.png\",\"width\":100,\"height\":100,\"caption\":\"Expro Asesorias\"},\"image\":{\"@id\":\"https:\/\/exproasesorias.com\/colombia\/#\/schema\/logo\/image\/\"}},{\"@type\":\"Person\",\"@id\":\"https:\/\/exproasesorias.com\/colombia\/#\/schema\/person\/bca4c966e70ceba33c54870249f1939c\",\"name\":\"Exproasesorias\",\"url\":\"https:\/\/exproasesorias.com\/colombia\/author\/exproasesorias\/\"}]}<\/script>\n<!-- \/ Yoast SEO plugin. -->","yoast_head_json":{"title":"D\u00eda Mundial de la Seguridad y la Salud en el Trabajo. - Exproasesorias","robots":{"index":"noindex","follow":"follow","max-snippet":"max-snippet:-1","max-image-preview":"max-image-preview:large","max-video-preview":"max-video-preview:-1"},"og_locale":"es_ES","og_type":"article","og_title":"D\u00eda Mundial de la Seguridad y la Salud en el Trabajo. - Exproasesorias","og_description":"La&nbsp;Organizaci\u00f3n Internacional del Trabajo (OIT), celebra el, con el objetivo de promover la prevenci\u00f3n de accidentes de trabajo y enfermedades profesionales en todo el mundo. Como ExproAsesorias no nos queremos quedar fuera de este gran evento mundial, ya que uno de nuestros principales desaf\u00edos es &nbsp;prevenir enfermedades profesionales y por, sobre todo, los accidentes graves [&hellip;]","og_url":"https:\/\/exproasesorias.com\/colombia\/2023\/06\/02\/dia-mundial-de-la-seguridad-y-la-salud-en-el-trabajo\/","og_site_name":"Exproasesorias","article_published_time":"2023-06-02T17:10:10+00:00","article_modified_time":"2024-01-09T19:01:47+00:00","og_image":[{"width":870,"height":520,"url":"https:\/\/exproasesorias.com\/colombia\/wp-content\/uploads\/2023\/06\/blog23jpg.jpg","type":"image\/jpeg"}],"author":"Exproasesorias","twitter_card":"summary_large_image","twitter_misc":{"Escrito por":"Exproasesorias"},"schema":{"@context":"https:\/\/schema.org","@graph":[{"@type":"Article","@id":"https:\/\/exproasesorias.com\/colombia\/2023\/06\/02\/dia-mundial-de-la-seguridad-y-la-salud-en-el-trabajo\/#article","isPartOf":{"@id":"https:\/\/exproasesorias.com\/colombia\/2023\/06\/02\/dia-mundial-de-la-seguridad-y-la-salud-en-el-trabajo\/"},"author":{"name":"Exproasesorias","@id":"https:\/\/exproasesorias.com\/colombia\/#\/schema\/person\/bca4c966e70ceba33c54870249f1939c"},"headline":"D\u00eda Mundial de la Seguridad y la Salud en el Trabajo.","datePublished":"2023-06-02T17:10:10+00:00","dateModified":"2024-01-09T19:01:47+00:00","mainEntityOfPage":{"@id":"https:\/\/exproasesorias.com\/colombia\/2023\/06\/02\/dia-mundial-de-la-seguridad-y-la-salud-en-el-trabajo\/"},"wordCount":75,"publisher":{"@id":"https:\/\/exproasesorias.com\/colombia\/#organization"},"image":{"@id":"https:\/\/exproasesorias.com\/colombia\/2023\/06\/02\/dia-mundial-de-la-seguridad-y-la-salud-en-el-trabajo\/#primaryimage"},"thumbnailUrl":"https:\/\/exproasesorias.com\/colombia\/wp-content\/uploads\/2023\/06\/blog23jpg.jpg","keywords":["tips"],"articleSection":["Exproasesorias","GrupoExpro","Seguridad"],"inLanguage":"es"},{"@type":"WebPage","@id":"https:\/\/exproasesorias.com\/colombia\/2023\/06\/02\/dia-mundial-de-la-seguridad-y-la-salud-en-el-trabajo\/","url":"https:\/\/exproasesorias.com\/colombia\/2023\/06\/02\/dia-mundial-de-la-seguridad-y-la-salud-en-el-trabajo\/","name":"D\u00eda Mundial de la Seguridad y la Salud en el Trabajo. - Exproasesorias","isPartOf":{"@id":"https:\/\/exproasesorias.com\/colombia\/#website"},"primaryImageOfPage":{"@id":"https:\/\/exproasesorias.com\/colombia\/2023\/06\/02\/dia-mundial-de-la-seguridad-y-la-salud-en-el-trabajo\/#primaryimage"},"image":{"@id":"https:\/\/exproasesorias.com\/colombia\/2023\/06\/02\/dia-mundial-de-la-seguridad-y-la-salud-en-el-trabajo\/#primaryimage"},"thumbnailUrl":"https:\/\/exproasesorias.com\/colombia\/wp-content\/uploads\/2023\/06\/blog23jpg.jpg","datePublished":"2023-06-02T17:10:10+00:00","dateModified":"2024-01-09T19:01:47+00:00","breadcrumb":{"@id":"https:\/\/exproasesorias.com\/colombia\/2023\/06\/02\/dia-mundial-de-la-seguridad-y-la-salud-en-el-trabajo\/#breadcrumb"},"inLanguage":"es","potentialAction":[{"@type":"ReadAction","target":["https:\/\/exproasesorias.com\/colombia\/2023\/06\/02\/dia-mundial-de-la-seguridad-y-la-salud-en-el-trabajo\/"]}]},{"@type":"ImageObject","inLanguage":"es","@id":"https:\/\/exproasesorias.com\/colombia\/2023\/06\/02\/dia-mundial-de-la-seguridad-y-la-salud-en-el-trabajo\/#primaryimage","url":"https:\/\/exproasesorias.com\/colombia\/wp-content\/uploads\/2023\/06\/blog23jpg.jpg","contentUrl":"https:\/\/exproasesorias.com\/colombia\/wp-content\/uploads\/2023\/06\/blog23jpg.jpg","width":870,"height":520},{"@type":"BreadcrumbList","@id":"https:\/\/exproasesorias.com\/colombia\/2023\/06\/02\/dia-mundial-de-la-seguridad-y-la-salud-en-el-trabajo\/#breadcrumb","itemListElement":[{"@type":"ListItem","position":1,"name":"Portada","item":"https:\/\/exproasesorias.com\/colombia\/"},{"@type":"ListItem","position":2,"name":"D\u00eda Mundial de la Seguridad y la Salud en el Trabajo."}]},{"@type":"WebSite","@id":"https:\/\/exproasesorias.com\/colombia\/#website","url":"https:\/\/exproasesorias.com\/colombia\/","name":"Expro Asesorias","description":"Exproasesorias","publisher":{"@id":"https:\/\/exproasesorias.com\/colombia\/#organization"},"inLanguage":"es"},{"@type":"Organization","@id":"https:\/\/exproasesorias.com\/colombia\/#organization","name":"Expro Asesorias","url":"https:\/\/exproasesorias.com\/colombia\/","logo":{"@type":"ImageObject","inLanguage":"es","@id":"https:\/\/exproasesorias.com\/colombia\/#\/schema\/logo\/image\/","url":"https:\/\/exproasesorias.com\/colombia\/wp-content\/uploads\/2023\/05\/cargando.png","contentUrl":"https:\/\/exproasesorias.com\/colombia\/wp-content\/uploads\/2023\/05\/cargando.png","width":100,"height":100,"caption":"Expro Asesorias"},"image":{"@id":"https:\/\/exproasesorias.com\/colombia\/#\/schema\/logo\/image\/"}},{"@type":"Person","@id":"https:\/\/exproasesorias.com\/colombia\/#\/schema\/person\/bca4c966e70ceba33c54870249f1939c","name":"Exproasesorias","url":"https:\/\/exproasesorias.com\/colombia\/author\/exproasesorias\/"}]}},"_links":{"self":[{"href":"https:\/\/exproasesorias.com\/colombia\/wp-json\/wp\/v2\/posts\/5544","targetHints":{"allow":["GET"]}}],"collection":[{"href":"https:\/\/exproasesorias.com\/colombia\/wp-json\/wp\/v2\/posts"}],"about":[{"href":"https:\/\/exproasesorias.com\/colombia\/wp-json\/wp\/v2\/types\/post"}],"author":[{"embeddable":true,"href":"https:\/\/exproasesorias.com\/colombia\/wp-json\/wp\/v2\/users\/2"}],"replies":[{"embeddable":true,"href":"https:\/\/exproasesorias.com\/colombia\/wp-json\/wp\/v2\/comments?post=5544"}],"version-history":[{"count":0,"href":"https:\/\/exproasesorias.com\/colombia\/wp-json\/wp\/v2\/posts\/5544\/revisions"}],"wp:featuredmedia":[{"embeddable":true,"href":"https:\/\/exproasesorias.com\/colombia\/wp-json\/wp\/v2\/media\/5546"}],"wp:attachment":[{"href":"https:\/\/exproasesorias.com\/colombia\/wp-json\/wp\/v2\/media?parent=5544"}],"wp:term":[{"taxonomy":"category","embeddable":true,"href":"https:\/\/exproasesorias.com\/colombia\/wp-json\/wp\/v2\/categories?post=5544"},{"taxonomy":"post_tag","embeddable":true,"href":"https:\/\/exproasesorias.com\/colombia\/wp-json\/wp\/v2\/tags?post=5544"}],"curies":[{"name":"wp","href":"https:\/\/api.w.org\/{rel}","templated":true}]}}