{"id":5538,"date":"2021-04-19T16:57:00","date_gmt":"2021-04-19T16:57:00","guid":{"rendered":"https:\/\/exproasesorias.com\/?p=5538"},"modified":"2024-01-09T19:01:52","modified_gmt":"2024-01-09T19:01:52","slug":"como-se-establece-un-confirmado-covid-19-por-situaciones-laborales","status":"publish","type":"post","link":"https:\/\/exproasesorias.com\/colombia\/2021\/04\/19\/como-se-establece-un-confirmado-covid-19-por-situaciones-laborales\/","title":{"rendered":"Como se establece un confirmado COVID-19 por situaciones laborales"},"content":{"rendered":"<p class=\"fr-tag\">Respecto a la calificaci\u00f3n de Enfermedad Profesional de los casos condiagn\u00f3stico de COVID-19 confirmado, por situaciones laboralesSeg\u00fan lo establecido en el ORD 1161 del 18-03-2020 de la Superintendencia de SeguridadSocial, \u201cLos trabajadores con diagn\u00f3stico de Covid19 confirmado, que tuvieron contacto estrecho, de acuerdo a las definiciones establecidas por el Ministerio de Salud, con personaspor situaciones laborales cuyo diagn\u00f3stico tambi\u00e9n ha sido confirmado (sea este \u00faltimo deorigen laboral o com\u00fan) estar\u00e1n cubiertos por las prestaciones de la Ley N\u00ba 16.744, en lamedida que sea posible establecer la trazabilidad de origen laboral del contagio. Lo anterior,a efecto de cumplir con lo establecido en el art\u00edculo 7 de la Ley N\u00ba 16.744, respecto que esenfermedad profesional la causada de manera directa por el ejercicio de la profesi\u00f3n o eltrabajo que realiza una persona\u201d.<\/p>\n<p><img fetchpriority=\"high\" decoding=\"async\" class=\"alignnone size-medium wp-image-5540\" src=\"https:\/\/exproasesorias.com\/colombia\/wp-content\/uploads\/2023\/06\/2ebcec10e6a3d0522423417a89102b47750b4523-300x272.png\" alt=\"\" width=\"300\" height=\"272\" srcset=\"https:\/\/exproasesorias.com\/colombia\/wp-content\/uploads\/2023\/06\/2ebcec10e6a3d0522423417a89102b47750b4523-300x272.png 300w, https:\/\/exproasesorias.com\/colombia\/wp-content\/uploads\/2023\/06\/2ebcec10e6a3d0522423417a89102b47750b4523-1024x927.png 1024w, https:\/\/exproasesorias.com\/colombia\/wp-content\/uploads\/2023\/06\/2ebcec10e6a3d0522423417a89102b47750b4523-768x695.png 768w, https:\/\/exproasesorias.com\/colombia\/wp-content\/uploads\/2023\/06\/2ebcec10e6a3d0522423417a89102b47750b4523-720x652.png 720w, https:\/\/exproasesorias.com\/colombia\/wp-content\/uploads\/2023\/06\/2ebcec10e6a3d0522423417a89102b47750b4523.png 1034w\" sizes=\"(max-width: 300px) 100vw, 300px\" \/><\/p>\n<p class=\"fr-tag\"><em>Fuente: <\/em><a href=\"https:\/\/www.minsal.cl\/wp-content\/uploads\/2020\/04\/Recomendaciones-de-actuacion-en-lugares-de-trabajo.pdf\" rel=\"nofollow\"><em>MINSAL<\/em><\/a><\/p>\n","protected":false},"excerpt":{"rendered":"<p>Respecto a la calificaci\u00f3n de Enfermedad Profesional de los casos condiagn\u00f3stico de COVID-19 confirmado, por situaciones laboralesSeg\u00fan lo establecido en el ORD 1161 del 18-03-2020 de la Superintendencia de SeguridadSocial, \u201cLos trabajadores con diagn\u00f3stico de Covid19 confirmado, que tuvieron contacto estrecho, de acuerdo a las definiciones establecidas por el Ministerio de Salud, con personaspor situaciones [&hellip;]<\/p>\n","protected":false},"author":2,"featured_media":5542,"comment_status":"closed","ping_status":"closed","sticky":false,"template":"","format":"standard","meta":{"footnotes":""},"categories":[30,29,40],"tags":[13],"class_list":["post-5538","post","type-post","status-publish","format-standard","has-post-thumbnail","hentry","category-exproasesorias","category-grupoexpro","category-seguridad","tag-tips"],"yoast_head":"<!-- This site is optimized with the Yoast SEO plugin v25.0 - https:\/\/yoast.com\/wordpress\/plugins\/seo\/ -->\n<title>Como se establece un confirmado COVID-19 por situaciones laborales - Exproasesorias<\/title>\n<meta name=\"robots\" content=\"noindex, follow, max-snippet:-1, max-image-preview:large, max-video-preview:-1\" \/>\n<meta property=\"og:locale\" content=\"es_ES\" \/>\n<meta property=\"og:type\" content=\"article\" \/>\n<meta property=\"og:title\" content=\"Como se establece un confirmado COVID-19 por situaciones laborales - Exproasesorias\" \/>\n<meta property=\"og:description\" content=\"Respecto a la calificaci\u00f3n de Enfermedad Profesional de los casos condiagn\u00f3stico de COVID-19 confirmado, por situaciones laboralesSeg\u00fan lo establecido en el ORD 1161 del 18-03-2020 de la Superintendencia de SeguridadSocial, \u201cLos trabajadores con diagn\u00f3stico de Covid19 confirmado, que tuvieron contacto estrecho, de acuerdo a las definiciones establecidas por el Ministerio de Salud, con personaspor situaciones [&hellip;]\" \/>\n<meta property=\"og:url\" content=\"https:\/\/exproasesorias.com\/colombia\/2021\/04\/19\/como-se-establece-un-confirmado-covid-19-por-situaciones-laborales\/\" \/>\n<meta property=\"og:site_name\" content=\"Exproasesorias\" \/>\n<meta property=\"article:published_time\" content=\"2021-04-19T16:57:00+00:00\" \/>\n<meta property=\"article:modified_time\" content=\"2024-01-09T19:01:52+00:00\" \/>\n<meta property=\"og:image\" content=\"https:\/\/exproasesorias.com\/colombia\/wp-content\/uploads\/2023\/06\/blog2.jpg\" \/>\n\t<meta property=\"og:image:width\" content=\"870\" \/>\n\t<meta property=\"og:image:height\" content=\"520\" \/>\n\t<meta property=\"og:image:type\" content=\"image\/jpeg\" \/>\n<meta name=\"author\" content=\"Exproasesorias\" \/>\n<meta name=\"twitter:card\" content=\"summary_large_image\" \/>\n<meta name=\"twitter:label1\" content=\"Escrito por\" \/>\n\t<meta name=\"twitter:data1\" content=\"Exproasesorias\" \/>\n\t<meta name=\"twitter:label2\" content=\"Tiempo de lectura\" \/>\n\t<meta name=\"twitter:data2\" content=\"1 minuto\" \/>\n<script type=\"application\/ld+json\" class=\"yoast-schema-graph\">{\"@context\":\"https:\/\/schema.org\",\"@graph\":[{\"@type\":\"Article\",\"@id\":\"https:\/\/exproasesorias.com\/colombia\/2021\/04\/19\/como-se-establece-un-confirmado-covid-19-por-situaciones-laborales\/#article\",\"isPartOf\":{\"@id\":\"https:\/\/exproasesorias.com\/colombia\/2021\/04\/19\/como-se-establece-un-confirmado-covid-19-por-situaciones-laborales\/\"},\"author\":{\"name\":\"Exproasesorias\",\"@id\":\"https:\/\/exproasesorias.com\/colombia\/#\/schema\/person\/bca4c966e70ceba33c54870249f1939c\"},\"headline\":\"Como se establece un confirmado COVID-19 por situaciones laborales\",\"datePublished\":\"2021-04-19T16:57:00+00:00\",\"dateModified\":\"2024-01-09T19:01:52+00:00\",\"mainEntityOfPage\":{\"@id\":\"https:\/\/exproasesorias.com\/colombia\/2021\/04\/19\/como-se-establece-un-confirmado-covid-19-por-situaciones-laborales\/\"},\"wordCount\":149,\"publisher\":{\"@id\":\"https:\/\/exproasesorias.com\/colombia\/#organization\"},\"image\":{\"@id\":\"https:\/\/exproasesorias.com\/colombia\/2021\/04\/19\/como-se-establece-un-confirmado-covid-19-por-situaciones-laborales\/#primaryimage\"},\"thumbnailUrl\":\"https:\/\/exproasesorias.com\/colombia\/wp-content\/uploads\/2023\/06\/blog2.jpg\",\"keywords\":[\"tips\"],\"articleSection\":[\"Exproasesorias\",\"GrupoExpro\",\"Seguridad\"],\"inLanguage\":\"es\"},{\"@type\":\"WebPage\",\"@id\":\"https:\/\/exproasesorias.com\/colombia\/2021\/04\/19\/como-se-establece-un-confirmado-covid-19-por-situaciones-laborales\/\",\"url\":\"https:\/\/exproasesorias.com\/colombia\/2021\/04\/19\/como-se-establece-un-confirmado-covid-19-por-situaciones-laborales\/\",\"name\":\"Como se establece un confirmado COVID-19 por situaciones laborales - Exproasesorias\",\"isPartOf\":{\"@id\":\"https:\/\/exproasesorias.com\/colombia\/#website\"},\"primaryImageOfPage\":{\"@id\":\"https:\/\/exproasesorias.com\/colombia\/2021\/04\/19\/como-se-establece-un-confirmado-covid-19-por-situaciones-laborales\/#primaryimage\"},\"image\":{\"@id\":\"https:\/\/exproasesorias.com\/colombia\/2021\/04\/19\/como-se-establece-un-confirmado-covid-19-por-situaciones-laborales\/#primaryimage\"},\"thumbnailUrl\":\"https:\/\/exproasesorias.com\/colombia\/wp-content\/uploads\/2023\/06\/blog2.jpg\",\"datePublished\":\"2021-04-19T16:57:00+00:00\",\"dateModified\":\"2024-01-09T19:01:52+00:00\",\"breadcrumb\":{\"@id\":\"https:\/\/exproasesorias.com\/colombia\/2021\/04\/19\/como-se-establece-un-confirmado-covid-19-por-situaciones-laborales\/#breadcrumb\"},\"inLanguage\":\"es\",\"potentialAction\":[{\"@type\":\"ReadAction\",\"target\":[\"https:\/\/exproasesorias.com\/colombia\/2021\/04\/19\/como-se-establece-un-confirmado-covid-19-por-situaciones-laborales\/\"]}]},{\"@type\":\"ImageObject\",\"inLanguage\":\"es\",\"@id\":\"https:\/\/exproasesorias.com\/colombia\/2021\/04\/19\/como-se-establece-un-confirmado-covid-19-por-situaciones-laborales\/#primaryimage\",\"url\":\"https:\/\/exproasesorias.com\/colombia\/wp-content\/uploads\/2023\/06\/blog2.jpg\",\"contentUrl\":\"https:\/\/exproasesorias.com\/colombia\/wp-content\/uploads\/2023\/06\/blog2.jpg\",\"width\":870,\"height\":520},{\"@type\":\"BreadcrumbList\",\"@id\":\"https:\/\/exproasesorias.com\/colombia\/2021\/04\/19\/como-se-establece-un-confirmado-covid-19-por-situaciones-laborales\/#breadcrumb\",\"itemListElement\":[{\"@type\":\"ListItem\",\"position\":1,\"name\":\"Portada\",\"item\":\"https:\/\/exproasesorias.com\/colombia\/\"},{\"@type\":\"ListItem\",\"position\":2,\"name\":\"Como se establece un confirmado COVID-19 por situaciones laborales\"}]},{\"@type\":\"WebSite\",\"@id\":\"https:\/\/exproasesorias.com\/colombia\/#website\",\"url\":\"https:\/\/exproasesorias.com\/colombia\/\",\"name\":\"Expro Asesorias\",\"description\":\"Exproasesorias\",\"publisher\":{\"@id\":\"https:\/\/exproasesorias.com\/colombia\/#organization\"},\"inLanguage\":\"es\"},{\"@type\":\"Organization\",\"@id\":\"https:\/\/exproasesorias.com\/colombia\/#organization\",\"name\":\"Expro Asesorias\",\"url\":\"https:\/\/exproasesorias.com\/colombia\/\",\"logo\":{\"@type\":\"ImageObject\",\"inLanguage\":\"es\",\"@id\":\"https:\/\/exproasesorias.com\/colombia\/#\/schema\/logo\/image\/\",\"url\":\"https:\/\/exproasesorias.com\/colombia\/wp-content\/uploads\/2023\/05\/cargando.png\",\"contentUrl\":\"https:\/\/exproasesorias.com\/colombia\/wp-content\/uploads\/2023\/05\/cargando.png\",\"width\":100,\"height\":100,\"caption\":\"Expro Asesorias\"},\"image\":{\"@id\":\"https:\/\/exproasesorias.com\/colombia\/#\/schema\/logo\/image\/\"}},{\"@type\":\"Person\",\"@id\":\"https:\/\/exproasesorias.com\/colombia\/#\/schema\/person\/bca4c966e70ceba33c54870249f1939c\",\"name\":\"Exproasesorias\",\"url\":\"https:\/\/exproasesorias.com\/colombia\/author\/exproasesorias\/\"}]}<\/script>\n<!-- \/ Yoast SEO plugin. -->","yoast_head_json":{"title":"Como se establece un confirmado COVID-19 por situaciones laborales - Exproasesorias","robots":{"index":"noindex","follow":"follow","max-snippet":"max-snippet:-1","max-image-preview":"max-image-preview:large","max-video-preview":"max-video-preview:-1"},"og_locale":"es_ES","og_type":"article","og_title":"Como se establece un confirmado COVID-19 por situaciones laborales - Exproasesorias","og_description":"Respecto a la calificaci\u00f3n de Enfermedad Profesional de los casos condiagn\u00f3stico de COVID-19 confirmado, por situaciones laboralesSeg\u00fan lo establecido en el ORD 1161 del 18-03-2020 de la Superintendencia de SeguridadSocial, \u201cLos trabajadores con diagn\u00f3stico de Covid19 confirmado, que tuvieron contacto estrecho, de acuerdo a las definiciones establecidas por el Ministerio de Salud, con personaspor situaciones [&hellip;]","og_url":"https:\/\/exproasesorias.com\/colombia\/2021\/04\/19\/como-se-establece-un-confirmado-covid-19-por-situaciones-laborales\/","og_site_name":"Exproasesorias","article_published_time":"2021-04-19T16:57:00+00:00","article_modified_time":"2024-01-09T19:01:52+00:00","og_image":[{"width":870,"height":520,"url":"https:\/\/exproasesorias.com\/colombia\/wp-content\/uploads\/2023\/06\/blog2.jpg","type":"image\/jpeg"}],"author":"Exproasesorias","twitter_card":"summary_large_image","twitter_misc":{"Escrito por":"Exproasesorias","Tiempo de lectura":"1 minuto"},"schema":{"@context":"https:\/\/schema.org","@graph":[{"@type":"Article","@id":"https:\/\/exproasesorias.com\/colombia\/2021\/04\/19\/como-se-establece-un-confirmado-covid-19-por-situaciones-laborales\/#article","isPartOf":{"@id":"https:\/\/exproasesorias.com\/colombia\/2021\/04\/19\/como-se-establece-un-confirmado-covid-19-por-situaciones-laborales\/"},"author":{"name":"Exproasesorias","@id":"https:\/\/exproasesorias.com\/colombia\/#\/schema\/person\/bca4c966e70ceba33c54870249f1939c"},"headline":"Como se establece un confirmado COVID-19 por situaciones laborales","datePublished":"2021-04-19T16:57:00+00:00","dateModified":"2024-01-09T19:01:52+00:00","mainEntityOfPage":{"@id":"https:\/\/exproasesorias.com\/colombia\/2021\/04\/19\/como-se-establece-un-confirmado-covid-19-por-situaciones-laborales\/"},"wordCount":149,"publisher":{"@id":"https:\/\/exproasesorias.com\/colombia\/#organization"},"image":{"@id":"https:\/\/exproasesorias.com\/colombia\/2021\/04\/19\/como-se-establece-un-confirmado-covid-19-por-situaciones-laborales\/#primaryimage"},"thumbnailUrl":"https:\/\/exproasesorias.com\/colombia\/wp-content\/uploads\/2023\/06\/blog2.jpg","keywords":["tips"],"articleSection":["Exproasesorias","GrupoExpro","Seguridad"],"inLanguage":"es"},{"@type":"WebPage","@id":"https:\/\/exproasesorias.com\/colombia\/2021\/04\/19\/como-se-establece-un-confirmado-covid-19-por-situaciones-laborales\/","url":"https:\/\/exproasesorias.com\/colombia\/2021\/04\/19\/como-se-establece-un-confirmado-covid-19-por-situaciones-laborales\/","name":"Como se establece un confirmado COVID-19 por situaciones laborales - Exproasesorias","isPartOf":{"@id":"https:\/\/exproasesorias.com\/colombia\/#website"},"primaryImageOfPage":{"@id":"https:\/\/exproasesorias.com\/colombia\/2021\/04\/19\/como-se-establece-un-confirmado-covid-19-por-situaciones-laborales\/#primaryimage"},"image":{"@id":"https:\/\/exproasesorias.com\/colombia\/2021\/04\/19\/como-se-establece-un-confirmado-covid-19-por-situaciones-laborales\/#primaryimage"},"thumbnailUrl":"https:\/\/exproasesorias.com\/colombia\/wp-content\/uploads\/2023\/06\/blog2.jpg","datePublished":"2021-04-19T16:57:00+00:00","dateModified":"2024-01-09T19:01:52+00:00","breadcrumb":{"@id":"https:\/\/exproasesorias.com\/colombia\/2021\/04\/19\/como-se-establece-un-confirmado-covid-19-por-situaciones-laborales\/#breadcrumb"},"inLanguage":"es","potentialAction":[{"@type":"ReadAction","target":["https:\/\/exproasesorias.com\/colombia\/2021\/04\/19\/como-se-establece-un-confirmado-covid-19-por-situaciones-laborales\/"]}]},{"@type":"ImageObject","inLanguage":"es","@id":"https:\/\/exproasesorias.com\/colombia\/2021\/04\/19\/como-se-establece-un-confirmado-covid-19-por-situaciones-laborales\/#primaryimage","url":"https:\/\/exproasesorias.com\/colombia\/wp-content\/uploads\/2023\/06\/blog2.jpg","contentUrl":"https:\/\/exproasesorias.com\/colombia\/wp-content\/uploads\/2023\/06\/blog2.jpg","width":870,"height":520},{"@type":"BreadcrumbList","@id":"https:\/\/exproasesorias.com\/colombia\/2021\/04\/19\/como-se-establece-un-confirmado-covid-19-por-situaciones-laborales\/#breadcrumb","itemListElement":[{"@type":"ListItem","position":1,"name":"Portada","item":"https:\/\/exproasesorias.com\/colombia\/"},{"@type":"ListItem","position":2,"name":"Como se establece un confirmado COVID-19 por situaciones laborales"}]},{"@type":"WebSite","@id":"https:\/\/exproasesorias.com\/colombia\/#website","url":"https:\/\/exproasesorias.com\/colombia\/","name":"Expro Asesorias","description":"Exproasesorias","publisher":{"@id":"https:\/\/exproasesorias.com\/colombia\/#organization"},"inLanguage":"es"},{"@type":"Organization","@id":"https:\/\/exproasesorias.com\/colombia\/#organization","name":"Expro Asesorias","url":"https:\/\/exproasesorias.com\/colombia\/","logo":{"@type":"ImageObject","inLanguage":"es","@id":"https:\/\/exproasesorias.com\/colombia\/#\/schema\/logo\/image\/","url":"https:\/\/exproasesorias.com\/colombia\/wp-content\/uploads\/2023\/05\/cargando.png","contentUrl":"https:\/\/exproasesorias.com\/colombia\/wp-content\/uploads\/2023\/05\/cargando.png","width":100,"height":100,"caption":"Expro Asesorias"},"image":{"@id":"https:\/\/exproasesorias.com\/colombia\/#\/schema\/logo\/image\/"}},{"@type":"Person","@id":"https:\/\/exproasesorias.com\/colombia\/#\/schema\/person\/bca4c966e70ceba33c54870249f1939c","name":"Exproasesorias","url":"https:\/\/exproasesorias.com\/colombia\/author\/exproasesorias\/"}]}},"_links":{"self":[{"href":"https:\/\/exproasesorias.com\/colombia\/wp-json\/wp\/v2\/posts\/5538","targetHints":{"allow":["GET"]}}],"collection":[{"href":"https:\/\/exproasesorias.com\/colombia\/wp-json\/wp\/v2\/posts"}],"about":[{"href":"https:\/\/exproasesorias.com\/colombia\/wp-json\/wp\/v2\/types\/post"}],"author":[{"embeddable":true,"href":"https:\/\/exproasesorias.com\/colombia\/wp-json\/wp\/v2\/users\/2"}],"replies":[{"embeddable":true,"href":"https:\/\/exproasesorias.com\/colombia\/wp-json\/wp\/v2\/comments?post=5538"}],"version-history":[{"count":0,"href":"https:\/\/exproasesorias.com\/colombia\/wp-json\/wp\/v2\/posts\/5538\/revisions"}],"wp:featuredmedia":[{"embeddable":true,"href":"https:\/\/exproasesorias.com\/colombia\/wp-json\/wp\/v2\/media\/5542"}],"wp:attachment":[{"href":"https:\/\/exproasesorias.com\/colombia\/wp-json\/wp\/v2\/media?parent=5538"}],"wp:term":[{"taxonomy":"category","embeddable":true,"href":"https:\/\/exproasesorias.com\/colombia\/wp-json\/wp\/v2\/categories?post=5538"},{"taxonomy":"post_tag","embeddable":true,"href":"https:\/\/exproasesorias.com\/colombia\/wp-json\/wp\/v2\/tags?post=5538"}],"curies":[{"name":"wp","href":"https:\/\/api.w.org\/{rel}","templated":true}]}}